{"id":4643,"date":"2024-01-13T19:18:59","date_gmt":"2024-01-13T18:18:59","guid":{"rendered":"https:\/\/www.camping-pyrenees-cathare.fr\/?p=4643"},"modified":"2024-01-13T19:28:34","modified_gmt":"2024-01-13T18:28:34","slug":"un-camping-en-montagne-ideal-pour-vos-vacances-dhiver","status":"publish","type":"post","link":"https:\/\/www.camping-pyrenees-cathare.fr\/es\/blog\/un-camping-en-montagne-ideal-pour-vos-vacances-dhiver\/","title":{"rendered":"Un camping en montagne id\u00e9al pour vos vacances d&#8217;hiver"},"content":{"rendered":"\n<p class=\"ls-paragraph\">Le <strong><a href=\"https:\/\/www.camping-pyrenees-cathare.fr\/\">camping 4 * Les chalets du lac Belcaire<\/a><\/strong> situ\u00e9 \u00e0 Belcaire dans l\u2019Aude se trouve \u00e0 proximit\u00e9 de <a href=\"https:\/\/www.station-camurac.com\/\">la station de ski de Camura<\/a>c. Seule et unique station de ski du d\u00e9partement de l\u2019Aude, <a href=\"https:\/\/www.station-camurac.com\/\">la station de ski de Camurac<\/a> est une petite station familiale id\u00e9ale pour s\u2019initier <a href=\"https:\/\/www.station-camurac.com\/activit%C3%A9s-hiver\/\">aux sports d\u2019hiver<\/a>.<\/p>\n\n\n\n<figure data-wp-context=\"{&quot;imageId&quot;:&quot;69f225481cf29&quot;}\" data-wp-interactive=\"core\/image\" data-wp-key=\"69f225481cf29\" class=\"wp-block-image size-large is-resized is-style-rounded animated backInRight wp-lightbox-container\"><img loading=\"lazy\" decoding=\"async\" width=\"1024\" height=\"614\" data-wp-class--hide=\"state.isContentHidden\" data-wp-class--show=\"state.isContentVisible\" data-wp-init=\"callbacks.setButtonStyles\" data-wp-on--click=\"actions.showLightbox\" data-wp-on--load=\"callbacks.setButtonStyles\" data-wp-on-window--resize=\"callbacks.setButtonStyles\" src=\"https:\/\/www.camping-pyrenees-cathare.fr\/wp-content\/uploads\/2024\/01\/image-1024x614.jpg\" alt=\"station ski familiale Camurac\" class=\"wp-image-4644\" style=\"width:631px;height:auto\" srcset=\"https:\/\/www.camping-pyrenees-cathare.fr\/wp-content\/uploads\/2024\/01\/image-1024x614.jpg 1024w, https:\/\/www.camping-pyrenees-cathare.fr\/wp-content\/uploads\/2024\/01\/image-300x180.jpg 300w, https:\/\/www.camping-pyrenees-cathare.fr\/wp-content\/uploads\/2024\/01\/image-768x461.jpg 768w, https:\/\/www.camping-pyrenees-cathare.fr\/wp-content\/uploads\/2024\/01\/image-1536x922.jpg 1536w, https:\/\/www.camping-pyrenees-cathare.fr\/wp-content\/uploads\/2024\/01\/image.jpg 2000w\" sizes=\"auto, (max-width: 1024px) 100vw, 1024px\" \/><button\n\t\t\tclass=\"lightbox-trigger\"\n\t\t\ttype=\"button\"\n\t\t\taria-haspopup=\"dialog\"\n\t\t\taria-label=\"Agrandar\"\n\t\t\tdata-wp-init=\"callbacks.initTriggerButton\"\n\t\t\tdata-wp-on--click=\"actions.showLightbox\"\n\t\t\tdata-wp-style--right=\"state.imageButtonRight\"\n\t\t\tdata-wp-style--top=\"state.imageButtonTop\"\n\t\t>\n\t\t\t<svg xmlns=\"http:\/\/www.w3.org\/2000\/svg\" width=\"12\" height=\"12\" fill=\"none\" viewBox=\"0 0 12 12\">\n\t\t\t\t<path fill=\"#fff\" d=\"M2 0a2 2 0 0 0-2 2v2h1.5V2a.5.5 0 0 1 .5-.5h2V0H2Zm2 10.5H2a.5.5 0 0 1-.5-.5V8H0v2a2 2 0 0 0 2 2h2v-1.5ZM8 12v-1.5h2a.5.5 0 0 0 .5-.5V8H12v2a2 2 0 0 1-2 2H8Zm2-12a2 2 0 0 1 2 2v2h-1.5V2a.5.5 0 0 0-.5-.5H8V0h2Z\" \/>\n\t\t\t<\/svg>\n\t\t<\/button><\/figure>\n\n\n\n<p class=\"ls-paragraph\">Zone de moyenne montagne avec une altitude oscillant entre 1500 et 1810m, cette station des Pyr\u00e9n\u00e9es Audoises vous offre les joies de la glisse dans un \u00e9crin de verdure. Vous pourrez contempler les magnifiques paysages de cette nature encore pr\u00e9serv\u00e9e. Le d\u00e9part des pistes se trouve au Col du Teil situ\u00e9 \u00e0 moins de 10 minutes du <a href=\"https:\/\/www.camping-pyrenees-cathare.fr\/\">camping<\/a>.<\/p>\n\n\n\n<p class=\"ls-paragraph\">Cette station est \u00e0 taille humaine et propose&nbsp;:<\/p>\n\n\n\n<ul class=\"ls-list wp-block-list\">\n<li>11 pistes de ski alpin pour tous les niveaux<\/li>\n\n\n\n<li>4 t\u00e9l\u00e9skis<\/li>\n\n\n\n<li>Un espace d\u00e9butant avec t\u00e9l\u00e9corde<\/li>\n\n\n\n<li>Une piste de luge<\/li>\n\n\n\n<li>Des parcours de raquettes balis\u00e9s<\/li>\n<\/ul>\n\n\n\n<figure data-wp-context=\"{&quot;imageId&quot;:&quot;69f225481d3a0&quot;}\" data-wp-interactive=\"core\/image\" data-wp-key=\"69f225481d3a0\" class=\"wp-block-image size-large is-resized animated backInLeft is-style-default wp-lightbox-container\"><img loading=\"lazy\" decoding=\"async\" width=\"1024\" height=\"683\" data-wp-class--hide=\"state.isContentHidden\" data-wp-class--show=\"state.isContentVisible\" data-wp-init=\"callbacks.setButtonStyles\" data-wp-on--click=\"actions.showLightbox\" data-wp-on--load=\"callbacks.setButtonStyles\" data-wp-on-window--resize=\"callbacks.setButtonStyles\" src=\"https:\/\/www.camping-pyrenees-cathare.fr\/wp-content\/uploads\/2024\/01\/plan-pistes-899-full-1024x683.jpg\" alt=\"plan pistes camurac\" class=\"wp-image-4647\" style=\"width:826px;height:auto\" srcset=\"https:\/\/www.camping-pyrenees-cathare.fr\/wp-content\/uploads\/2024\/01\/plan-pistes-899-full-1024x683.jpg 1024w, https:\/\/www.camping-pyrenees-cathare.fr\/wp-content\/uploads\/2024\/01\/plan-pistes-899-full-300x200.jpg 300w, https:\/\/www.camping-pyrenees-cathare.fr\/wp-content\/uploads\/2024\/01\/plan-pistes-899-full-768x512.jpg 768w, https:\/\/www.camping-pyrenees-cathare.fr\/wp-content\/uploads\/2024\/01\/plan-pistes-899-full.jpg 1182w\" sizes=\"auto, (max-width: 1024px) 100vw, 1024px\" \/><button\n\t\t\tclass=\"lightbox-trigger\"\n\t\t\ttype=\"button\"\n\t\t\taria-haspopup=\"dialog\"\n\t\t\taria-label=\"Agrandar\"\n\t\t\tdata-wp-init=\"callbacks.initTriggerButton\"\n\t\t\tdata-wp-on--click=\"actions.showLightbox\"\n\t\t\tdata-wp-style--right=\"state.imageButtonRight\"\n\t\t\tdata-wp-style--top=\"state.imageButtonTop\"\n\t\t>\n\t\t\t<svg xmlns=\"http:\/\/www.w3.org\/2000\/svg\" width=\"12\" height=\"12\" fill=\"none\" viewBox=\"0 0 12 12\">\n\t\t\t\t<path fill=\"#fff\" d=\"M2 0a2 2 0 0 0-2 2v2h1.5V2a.5.5 0 0 1 .5-.5h2V0H2Zm2 10.5H2a.5.5 0 0 1-.5-.5V8H0v2a2 2 0 0 0 2 2h2v-1.5ZM8 12v-1.5h2a.5.5 0 0 0 .5-.5V8H12v2a2 2 0 0 1-2 2H8Zm2-12a2 2 0 0 1 2 2v2h-1.5V2a.5.5 0 0 0-.5-.5H8V0h2Z\" \/>\n\t\t\t<\/svg>\n\t\t<\/button><\/figure>\n\n\n\n<p class=\"ls-paragraph\">Si vous n\u2019\u00eates pas \u00e9quip\u00e9s, le magasin Camurac sport vous propose un service de location au village et en front de neige.<\/p>\n\n\n\n<figure class=\"wp-block-image size-full is-resized is-style-rounded animated backInLeft\"><img loading=\"lazy\" decoding=\"async\" width=\"768\" height=\"576\" src=\"https:\/\/www.camping-pyrenees-cathare.fr\/wp-content\/uploads\/2024\/01\/devanture-camurac-sports-768x576-1.jpg\" alt=\"location ski camurac\" class=\"wp-image-4650\" style=\"width:756px;height:auto\" srcset=\"https:\/\/www.camping-pyrenees-cathare.fr\/wp-content\/uploads\/2024\/01\/devanture-camurac-sports-768x576-1.jpg 768w, https:\/\/www.camping-pyrenees-cathare.fr\/wp-content\/uploads\/2024\/01\/devanture-camurac-sports-768x576-1-300x225.jpg 300w\" sizes=\"auto, (max-width: 768px) 100vw, 768px\" \/><\/figure>\n\n\n\n<p class=\"ls-paragraph\">Retrouvez toutes les informations sur les forfaits 2024 <a href=\"https:\/\/www.station-camurac.com\/activit%C3%A9s-hiver\/les-forfaits\/\">en cliquant ici. <\/a><\/p>\n\n\n\n<figure class=\"wp-block-image size-full is-resized\"><img loading=\"lazy\" decoding=\"async\" width=\"514\" height=\"929\" src=\"https:\/\/www.camping-pyrenees-cathare.fr\/wp-content\/uploads\/2024\/01\/test-2.jpg\" alt=\"Forfaits ski Camurac\" class=\"wp-image-4675\" style=\"width:429px;height:auto\" srcset=\"https:\/\/www.camping-pyrenees-cathare.fr\/wp-content\/uploads\/2024\/01\/test-2.jpg 514w, https:\/\/www.camping-pyrenees-cathare.fr\/wp-content\/uploads\/2024\/01\/test-2-166x300.jpg 166w\" sizes=\"auto, (max-width: 514px) 100vw, 514px\" \/><\/figure>\n\n\n\n<figure class=\"wp-block-image size-full is-resized\"><img loading=\"lazy\" decoding=\"async\" width=\"539\" height=\"954\" src=\"https:\/\/www.camping-pyrenees-cathare.fr\/wp-content\/uploads\/2024\/01\/Image2-2.png\" alt=\"Forfait ski Camurac\" class=\"wp-image-4678\" style=\"width:428px;height:auto\" srcset=\"https:\/\/www.camping-pyrenees-cathare.fr\/wp-content\/uploads\/2024\/01\/Image2-2.png 539w, https:\/\/www.camping-pyrenees-cathare.fr\/wp-content\/uploads\/2024\/01\/Image2-2-169x300.png 169w\" sizes=\"auto, (max-width: 539px) 100vw, 539px\" \/><\/figure>\n\n\n\n<p class=\"ls-paragraph\">Vous y retrouverez aussi le restaurant-auberge du col du Teil o\u00f9 vous pourrez d\u00e9guster de bons plats chaud ou boire un coup en admirant le panorama depuis la terrass<\/p>\n\n\n\n<p class=\"ls-paragraph\">De nombreuses activit\u00e9s y sont propos\u00e9es comme la location de VTT \u00e0 assistance \u00e9lectrique, des balades en raquette avec un guide, des soir\u00e9es d\u2019observation du ciel \u00e9toil\u00e9.<\/p>\n\n\n\n<ul class=\"ls-list wp-block-list\">\n<li>Randonn\u00e9es raquettes et p\u00e9destres avec Romain Figorito, La Trace nature. Infos et r\u00e9servations par t\u00e9l\u00e9phone au 06 61 14 80 17 ou par mail <a href=\"mailto:latracenature@gmail.com\">latracenature@gmail.com<\/a><\/li>\n\n\n\n<li>Balades guid\u00e9es en VTT et locations de VTT \u00e9lectriques avec St\u00e9phane de Loc de Sault. Infos et r\u00e9servations par t\u00e9l\u00e9phone au 06 82 45 28 99 ou par mail <a href=\"mailto:locdesault@gmail.com\">locdesault@gmail.com<\/a><\/li>\n\n\n\n<li>Ateliers scientifiques et soir\u00e9es astronomies avec Emmanuel P\u00e9legrin, Le Ciel et vous. Infos et r\u00e9servations par t\u00e9l\u00e9phone au 06 49 28 10 37 ou par mail <a href=\"mailto:lecieletvous11@gmail.com\">lecieletvous11@gmail.com<\/a><\/li>\n<\/ul>\n\n\n\n<p class=\"ls-paragraph\">Un rendez-vous incontournable se d\u00e9roule le 4 f\u00e9vrier prochain, la camuraquette. Une parfaite pour s\u2019initier \u00e0 ce sport nature, en famille ou entre amis, avec plusieurs randonn\u00e9es accompagn\u00e9es de niveaux diff\u00e9rents. Des raquettes sont en location \u00e0 prix r\u00e9duit. Les inscriptions sont ouvertes en ligne sur notre site web, ou \u00e0 l&#8217;Office de Tourisme des Pyr\u00e9n\u00e9es Audoises \u00e0 Quillan. Attention, comme chaque ann\u00e9e, les inscriptions sur place ne seront pas possibles !<\/p>\n\n\n\n<p class=\"ls-paragraph\">En 2024, suite aux \u00e9pisodes neigeux d\u00e9but janvier, la station a ouvert partiellement le samedi 13 janvier. Du 11 f\u00e9vrier au 24 f\u00e9vrier, des cours collectifs de ski sont organis\u00e9s par Jean-Michel du Ski Club Audois de Carcassonne. Avec des groupes de niveau, il saura vous accompagner au mieux pour apprendre ce sport aux d\u00e9butants ou pour progresser afin de plus encore s\u2019\u00e9panouir&nbsp;:<\/p>\n\n\n\n<ul class=\"ls-list wp-block-list\">\n<li>Pack Journ\u00e9e Enfant 52\u20ac &nbsp;: Forfait journ\u00e9e ski + support DAG + Licence + 2 heures de cours<\/li>\n\n\n\n<li>Pack 6 Jours Enfant 253 \u20ac&nbsp;: Forfait 6 jours de ski + support DAG + Licence + 12 heures de cours<\/li>\n\n\n\n<li>Pack Journ\u00e9e Adulte 55\u20ac&nbsp; : Forfait journ\u00e9e ski + support DAG + Licence + 2 heures de cours<\/li>\n\n\n\n<li>Pack 6 Jours Adulte 282 \u20ac : Forfait 6 jours de ski + support DAG + Licence + 12 heures de cours<\/li>\n<\/ul>\n\n\n\n<figure class=\"wp-block-image size-full is-resized\"><img loading=\"lazy\" decoding=\"async\" width=\"598\" height=\"594\" src=\"https:\/\/www.camping-pyrenees-cathare.fr\/wp-content\/uploads\/2024\/01\/Image3.png\" alt=\"Image3\" class=\"wp-image-4682\" style=\"width:278px;height:auto\" srcset=\"https:\/\/www.camping-pyrenees-cathare.fr\/wp-content\/uploads\/2024\/01\/Image3.png 598w, https:\/\/www.camping-pyrenees-cathare.fr\/wp-content\/uploads\/2024\/01\/Image3-300x298.png 300w, https:\/\/www.camping-pyrenees-cathare.fr\/wp-content\/uploads\/2024\/01\/Image3-150x150.png 150w\" sizes=\"auto, (max-width: 598px) 100vw, 598px\" \/><\/figure>\n\n\n\n<figure class=\"wp-block-image size-full is-resized\"><img loading=\"lazy\" decoding=\"async\" width=\"499\" height=\"500\" src=\"https:\/\/www.camping-pyrenees-cathare.fr\/wp-content\/uploads\/2024\/01\/Image4.png\" alt=\"Image4\" class=\"wp-image-4685\" style=\"width:278px;height:auto\" srcset=\"https:\/\/www.camping-pyrenees-cathare.fr\/wp-content\/uploads\/2024\/01\/Image4.png 499w, https:\/\/www.camping-pyrenees-cathare.fr\/wp-content\/uploads\/2024\/01\/Image4-300x300.png 300w, https:\/\/www.camping-pyrenees-cathare.fr\/wp-content\/uploads\/2024\/01\/Image4-150x150.png 150w\" sizes=\"auto, (max-width: 499px) 100vw, 499px\" \/><\/figure>\n\n\n\n<p class=\"ls-paragraph\">Infos et inscriptions&nbsp;par mail <a href=\"mailto:jm.skiclubaudois@gmail.com\">jm.skiclubaudois@gmail.com<\/a> ou par SMS au 06 25 36 27 50.<\/p>\n","protected":false},"excerpt":{"rendered":"<p>Le camping 4 * Les chalets du lac Belcaire situ\u00e9 \u00e0 Belcaire dans l\u2019Aude se trouve \u00e0 proximit\u00e9 de la station de ski de Camurac. Seule et unique station de ski du d\u00e9partement de l\u2019Aude, la station de ski de Camurac est une petite station familiale id\u00e9ale pour s\u2019initier aux sports d\u2019hiver. Zone de moyenne [&hellip;]<\/p>\n","protected":false},"author":3,"featured_media":4688,"comment_status":"closed","ping_status":"closed","sticky":false,"template":"","format":"standard","meta":{"_acf_changed":false,"footnotes":""},"categories":[20],"tags":[],"sujet":[],"class_list":["post-4643","post","type-post","status-publish","format-standard","has-post-thumbnail","hentry","category-blog"],"acf":[],"yoast_head":"<!-- This site is optimized with the Yoast SEO plugin v25.2 - https:\/\/yoast.com\/wordpress\/plugins\/seo\/ -->\n<title>Un camping en montagne id\u00e9al pour vos vacances d&#039;hiver - Les Chalets du Lac Belcaire<\/title>\n<meta name=\"robots\" content=\"index, follow, max-snippet:-1, max-image-preview:large, max-video-preview:-1\" \/>\n<link rel=\"canonical\" href=\"https:\/\/www.camping-pyrenees-cathare.fr\/blog\/un-camping-en-montagne-ideal-pour-vos-vacances-dhiver\/\" \/>\n<meta property=\"og:locale\" content=\"es_ES\" \/>\n<meta property=\"og:type\" content=\"article\" \/>\n<meta property=\"og:title\" content=\"Un camping en montagne id\u00e9al pour vos vacances d&#039;hiver - Les Chalets du Lac Belcaire\" \/>\n<meta property=\"og:description\" content=\"Le camping 4 * Les chalets du lac Belcaire situ\u00e9 \u00e0 Belcaire dans l\u2019Aude se trouve \u00e0 proximit\u00e9 de la station de ski de Camurac. Seule et unique station de ski du d\u00e9partement de l\u2019Aude, la station de ski de Camurac est une petite station familiale id\u00e9ale pour s\u2019initier aux sports d\u2019hiver. Zone de moyenne [&hellip;]\" \/>\n<meta property=\"og:url\" content=\"https:\/\/www.camping-pyrenees-cathare.fr\/blog\/un-camping-en-montagne-ideal-pour-vos-vacances-dhiver\/\" \/>\n<meta property=\"og:site_name\" content=\"Les Chalets du Lac Belcaire\" \/>\n<meta property=\"article:publisher\" content=\"https:\/\/www.facebook.com\/campingbelcaire\/?locale=fr_FR\" \/>\n<meta property=\"article:published_time\" content=\"2024-01-13T18:18:59+00:00\" \/>\n<meta property=\"article:modified_time\" content=\"2024-01-13T18:28:34+00:00\" \/>\n<meta property=\"og:image\" content=\"https:\/\/www.camping-pyrenees-cathare.fr\/wp-content\/uploads\/2024\/01\/Camurac_station_01-2017-2.jpg\" \/>\n\t<meta property=\"og:image:width\" content=\"1920\" \/>\n\t<meta property=\"og:image:height\" content=\"718\" \/>\n\t<meta property=\"og:image:type\" content=\"image\/jpeg\" \/>\n<meta name=\"author\" content=\"Chalets Du Lac\" \/>\n<meta name=\"twitter:card\" content=\"summary_large_image\" \/>\n<meta name=\"twitter:label1\" content=\"Escrito por\" \/>\n\t<meta name=\"twitter:data1\" content=\"Chalets Du Lac\" \/>\n\t<meta name=\"twitter:label2\" content=\"Tiempo de lectura\" \/>\n\t<meta name=\"twitter:data2\" content=\"5 minutos\" \/>\n<script type=\"application\/ld+json\" class=\"yoast-schema-graph\">{\"@context\":\"https:\/\/schema.org\",\"@graph\":[{\"@type\":\"Article\",\"@id\":\"https:\/\/www.camping-pyrenees-cathare.fr\/blog\/un-camping-en-montagne-ideal-pour-vos-vacances-dhiver\/#article\",\"isPartOf\":{\"@id\":\"https:\/\/www.camping-pyrenees-cathare.fr\/blog\/un-camping-en-montagne-ideal-pour-vos-vacances-dhiver\/\"},\"author\":{\"name\":\"Chalets Du Lac\",\"@id\":\"https:\/\/www.camping-pyrenees-cathare.fr\/#\/schema\/person\/e8f5ba466c7c8b8101ca5e722b563ea5\"},\"headline\":\"Un camping en montagne id\u00e9al pour vos vacances d&#8217;hiver\",\"datePublished\":\"2024-01-13T18:18:59+00:00\",\"dateModified\":\"2024-01-13T18:28:34+00:00\",\"mainEntityOfPage\":{\"@id\":\"https:\/\/www.camping-pyrenees-cathare.fr\/blog\/un-camping-en-montagne-ideal-pour-vos-vacances-dhiver\/\"},\"wordCount\":558,\"publisher\":{\"@id\":\"https:\/\/www.camping-pyrenees-cathare.fr\/#organization\"},\"image\":{\"@id\":\"https:\/\/www.camping-pyrenees-cathare.fr\/blog\/un-camping-en-montagne-ideal-pour-vos-vacances-dhiver\/#primaryimage\"},\"thumbnailUrl\":\"https:\/\/www.camping-pyrenees-cathare.fr\/wp-content\/uploads\/2024\/01\/Camurac_station_01-2017-2.jpg\",\"articleSection\":[\"blog\"],\"inLanguage\":\"es\"},{\"@type\":\"WebPage\",\"@id\":\"https:\/\/www.camping-pyrenees-cathare.fr\/blog\/un-camping-en-montagne-ideal-pour-vos-vacances-dhiver\/\",\"url\":\"https:\/\/www.camping-pyrenees-cathare.fr\/blog\/un-camping-en-montagne-ideal-pour-vos-vacances-dhiver\/\",\"name\":\"Un camping en montagne id\u00e9al pour vos vacances d'hiver - Les Chalets du Lac Belcaire\",\"isPartOf\":{\"@id\":\"https:\/\/www.camping-pyrenees-cathare.fr\/#website\"},\"primaryImageOfPage\":{\"@id\":\"https:\/\/www.camping-pyrenees-cathare.fr\/blog\/un-camping-en-montagne-ideal-pour-vos-vacances-dhiver\/#primaryimage\"},\"image\":{\"@id\":\"https:\/\/www.camping-pyrenees-cathare.fr\/blog\/un-camping-en-montagne-ideal-pour-vos-vacances-dhiver\/#primaryimage\"},\"thumbnailUrl\":\"https:\/\/www.camping-pyrenees-cathare.fr\/wp-content\/uploads\/2024\/01\/Camurac_station_01-2017-2.jpg\",\"datePublished\":\"2024-01-13T18:18:59+00:00\",\"dateModified\":\"2024-01-13T18:28:34+00:00\",\"breadcrumb\":{\"@id\":\"https:\/\/www.camping-pyrenees-cathare.fr\/blog\/un-camping-en-montagne-ideal-pour-vos-vacances-dhiver\/#breadcrumb\"},\"inLanguage\":\"es\",\"potentialAction\":[{\"@type\":\"ReadAction\",\"target\":[\"https:\/\/www.camping-pyrenees-cathare.fr\/blog\/un-camping-en-montagne-ideal-pour-vos-vacances-dhiver\/\"]}]},{\"@type\":\"ImageObject\",\"inLanguage\":\"es\",\"@id\":\"https:\/\/www.camping-pyrenees-cathare.fr\/blog\/un-camping-en-montagne-ideal-pour-vos-vacances-dhiver\/#primaryimage\",\"url\":\"https:\/\/www.camping-pyrenees-cathare.fr\/wp-content\/uploads\/2024\/01\/Camurac_station_01-2017-2.jpg\",\"contentUrl\":\"https:\/\/www.camping-pyrenees-cathare.fr\/wp-content\/uploads\/2024\/01\/Camurac_station_01-2017-2.jpg\",\"width\":1920,\"height\":718,\"caption\":\"Camurac station 01 2017 2\"},{\"@type\":\"BreadcrumbList\",\"@id\":\"https:\/\/www.camping-pyrenees-cathare.fr\/blog\/un-camping-en-montagne-ideal-pour-vos-vacances-dhiver\/#breadcrumb\",\"itemListElement\":[{\"@type\":\"ListItem\",\"position\":1,\"name\":\"Camping Belcaire\",\"item\":\"https:\/\/www.camping-pyrenees-cathare.fr\/es\/\"},{\"@type\":\"ListItem\",\"position\":2,\"name\":\"Un camping en montagne id\u00e9al pour vos vacances d&rsquo;hiver\"}]},{\"@type\":\"WebSite\",\"@id\":\"https:\/\/www.camping-pyrenees-cathare.fr\/#website\",\"url\":\"https:\/\/www.camping-pyrenees-cathare.fr\/\",\"name\":\"Les chalets du lac Belcaire\",\"description\":\"\",\"publisher\":{\"@id\":\"https:\/\/www.camping-pyrenees-cathare.fr\/#organization\"},\"potentialAction\":[{\"@type\":\"SearchAction\",\"target\":{\"@type\":\"EntryPoint\",\"urlTemplate\":\"https:\/\/www.camping-pyrenees-cathare.fr\/?s={search_term_string}\"},\"query-input\":{\"@type\":\"PropertyValueSpecification\",\"valueRequired\":true,\"valueName\":\"search_term_string\"}}],\"inLanguage\":\"es\"},{\"@type\":\"Organization\",\"@id\":\"https:\/\/www.camping-pyrenees-cathare.fr\/#organization\",\"name\":\"Les chalets du lac Belcaire\",\"url\":\"https:\/\/www.camping-pyrenees-cathare.fr\/\",\"logo\":{\"@type\":\"ImageObject\",\"inLanguage\":\"es\",\"@id\":\"https:\/\/www.camping-pyrenees-cathare.fr\/#\/schema\/logo\/image\/\",\"url\":\"https:\/\/www.camping-pyrenees-cathare.fr\/wp-content\/uploads\/2023\/05\/logo-couleur-camping-les-chalets-du-lac.webp\",\"contentUrl\":\"https:\/\/www.camping-pyrenees-cathare.fr\/wp-content\/uploads\/2023\/05\/logo-couleur-camping-les-chalets-du-lac.webp\",\"width\":462,\"height\":252,\"caption\":\"Les chalets du lac Belcaire\"},\"image\":{\"@id\":\"https:\/\/www.camping-pyrenees-cathare.fr\/#\/schema\/logo\/image\/\"},\"sameAs\":[\"https:\/\/www.facebook.com\/campingbelcaire\/?locale=fr_FR\",\"https:\/\/www.tripadvisor.fr\/Hotel_Review-g1384321-d13748665-Reviews-Les_Chalets_du_Lac-Belcaire_Aude_Occitanie.html\",\"https:\/\/www.instagram.com\/leschaletsdulacbelcaire\/\"]},{\"@type\":\"Person\",\"@id\":\"https:\/\/www.camping-pyrenees-cathare.fr\/#\/schema\/person\/e8f5ba466c7c8b8101ca5e722b563ea5\",\"name\":\"Chalets Du Lac\",\"image\":{\"@type\":\"ImageObject\",\"inLanguage\":\"es\",\"@id\":\"https:\/\/www.camping-pyrenees-cathare.fr\/#\/schema\/person\/image\/\",\"url\":\"https:\/\/secure.gravatar.com\/avatar\/6d844aa6e68e8ab33e650fb7f89ff23e09732b1546d28a7aab36e6d3fe515022?s=96&d=mm&r=g\",\"contentUrl\":\"https:\/\/secure.gravatar.com\/avatar\/6d844aa6e68e8ab33e650fb7f89ff23e09732b1546d28a7aab36e6d3fe515022?s=96&d=mm&r=g\",\"caption\":\"Chalets Du Lac\"},\"sameAs\":[\"https:\/\/www.camping-pyrenees-cathare.fr\/\"]}]}<\/script>\n<!-- \/ Yoast SEO plugin. -->","yoast_head_json":{"title":"Un camping en montagne id\u00e9al pour vos vacances d'hiver - Les Chalets du Lac Belcaire","robots":{"index":"index","follow":"follow","max-snippet":"max-snippet:-1","max-image-preview":"max-image-preview:large","max-video-preview":"max-video-preview:-1"},"canonical":"https:\/\/www.camping-pyrenees-cathare.fr\/blog\/un-camping-en-montagne-ideal-pour-vos-vacances-dhiver\/","og_locale":"es_ES","og_type":"article","og_title":"Un camping en montagne id\u00e9al pour vos vacances d'hiver - Les Chalets du Lac Belcaire","og_description":"Le camping 4 * Les chalets du lac Belcaire situ\u00e9 \u00e0 Belcaire dans l\u2019Aude se trouve \u00e0 proximit\u00e9 de la station de ski de Camurac. Seule et unique station de ski du d\u00e9partement de l\u2019Aude, la station de ski de Camurac est une petite station familiale id\u00e9ale pour s\u2019initier aux sports d\u2019hiver. Zone de moyenne [&hellip;]","og_url":"https:\/\/www.camping-pyrenees-cathare.fr\/blog\/un-camping-en-montagne-ideal-pour-vos-vacances-dhiver\/","og_site_name":"Les Chalets du Lac Belcaire","article_publisher":"https:\/\/www.facebook.com\/campingbelcaire\/?locale=fr_FR","article_published_time":"2024-01-13T18:18:59+00:00","article_modified_time":"2024-01-13T18:28:34+00:00","og_image":[{"width":1920,"height":718,"url":"https:\/\/www.camping-pyrenees-cathare.fr\/wp-content\/uploads\/2024\/01\/Camurac_station_01-2017-2.jpg","type":"image\/jpeg"}],"author":"Chalets Du Lac","twitter_card":"summary_large_image","twitter_misc":{"Escrito por":"Chalets Du Lac","Tiempo de lectura":"5 minutos"},"schema":{"@context":"https:\/\/schema.org","@graph":[{"@type":"Article","@id":"https:\/\/www.camping-pyrenees-cathare.fr\/blog\/un-camping-en-montagne-ideal-pour-vos-vacances-dhiver\/#article","isPartOf":{"@id":"https:\/\/www.camping-pyrenees-cathare.fr\/blog\/un-camping-en-montagne-ideal-pour-vos-vacances-dhiver\/"},"author":{"name":"Chalets Du Lac","@id":"https:\/\/www.camping-pyrenees-cathare.fr\/#\/schema\/person\/e8f5ba466c7c8b8101ca5e722b563ea5"},"headline":"Un camping en montagne id\u00e9al pour vos vacances d&#8217;hiver","datePublished":"2024-01-13T18:18:59+00:00","dateModified":"2024-01-13T18:28:34+00:00","mainEntityOfPage":{"@id":"https:\/\/www.camping-pyrenees-cathare.fr\/blog\/un-camping-en-montagne-ideal-pour-vos-vacances-dhiver\/"},"wordCount":558,"publisher":{"@id":"https:\/\/www.camping-pyrenees-cathare.fr\/#organization"},"image":{"@id":"https:\/\/www.camping-pyrenees-cathare.fr\/blog\/un-camping-en-montagne-ideal-pour-vos-vacances-dhiver\/#primaryimage"},"thumbnailUrl":"https:\/\/www.camping-pyrenees-cathare.fr\/wp-content\/uploads\/2024\/01\/Camurac_station_01-2017-2.jpg","articleSection":["blog"],"inLanguage":"es"},{"@type":"WebPage","@id":"https:\/\/www.camping-pyrenees-cathare.fr\/blog\/un-camping-en-montagne-ideal-pour-vos-vacances-dhiver\/","url":"https:\/\/www.camping-pyrenees-cathare.fr\/blog\/un-camping-en-montagne-ideal-pour-vos-vacances-dhiver\/","name":"Un camping en montagne id\u00e9al pour vos vacances d'hiver - Les Chalets du Lac Belcaire","isPartOf":{"@id":"https:\/\/www.camping-pyrenees-cathare.fr\/#website"},"primaryImageOfPage":{"@id":"https:\/\/www.camping-pyrenees-cathare.fr\/blog\/un-camping-en-montagne-ideal-pour-vos-vacances-dhiver\/#primaryimage"},"image":{"@id":"https:\/\/www.camping-pyrenees-cathare.fr\/blog\/un-camping-en-montagne-ideal-pour-vos-vacances-dhiver\/#primaryimage"},"thumbnailUrl":"https:\/\/www.camping-pyrenees-cathare.fr\/wp-content\/uploads\/2024\/01\/Camurac_station_01-2017-2.jpg","datePublished":"2024-01-13T18:18:59+00:00","dateModified":"2024-01-13T18:28:34+00:00","breadcrumb":{"@id":"https:\/\/www.camping-pyrenees-cathare.fr\/blog\/un-camping-en-montagne-ideal-pour-vos-vacances-dhiver\/#breadcrumb"},"inLanguage":"es","potentialAction":[{"@type":"ReadAction","target":["https:\/\/www.camping-pyrenees-cathare.fr\/blog\/un-camping-en-montagne-ideal-pour-vos-vacances-dhiver\/"]}]},{"@type":"ImageObject","inLanguage":"es","@id":"https:\/\/www.camping-pyrenees-cathare.fr\/blog\/un-camping-en-montagne-ideal-pour-vos-vacances-dhiver\/#primaryimage","url":"https:\/\/www.camping-pyrenees-cathare.fr\/wp-content\/uploads\/2024\/01\/Camurac_station_01-2017-2.jpg","contentUrl":"https:\/\/www.camping-pyrenees-cathare.fr\/wp-content\/uploads\/2024\/01\/Camurac_station_01-2017-2.jpg","width":1920,"height":718,"caption":"Camurac station 01 2017 2"},{"@type":"BreadcrumbList","@id":"https:\/\/www.camping-pyrenees-cathare.fr\/blog\/un-camping-en-montagne-ideal-pour-vos-vacances-dhiver\/#breadcrumb","itemListElement":[{"@type":"ListItem","position":1,"name":"Camping Belcaire","item":"https:\/\/www.camping-pyrenees-cathare.fr\/es\/"},{"@type":"ListItem","position":2,"name":"Un camping en montagne id\u00e9al pour vos vacances d&rsquo;hiver"}]},{"@type":"WebSite","@id":"https:\/\/www.camping-pyrenees-cathare.fr\/#website","url":"https:\/\/www.camping-pyrenees-cathare.fr\/","name":"Les chalets du lac Belcaire","description":"","publisher":{"@id":"https:\/\/www.camping-pyrenees-cathare.fr\/#organization"},"potentialAction":[{"@type":"SearchAction","target":{"@type":"EntryPoint","urlTemplate":"https:\/\/www.camping-pyrenees-cathare.fr\/?s={search_term_string}"},"query-input":{"@type":"PropertyValueSpecification","valueRequired":true,"valueName":"search_term_string"}}],"inLanguage":"es"},{"@type":"Organization","@id":"https:\/\/www.camping-pyrenees-cathare.fr\/#organization","name":"Les chalets du lac Belcaire","url":"https:\/\/www.camping-pyrenees-cathare.fr\/","logo":{"@type":"ImageObject","inLanguage":"es","@id":"https:\/\/www.camping-pyrenees-cathare.fr\/#\/schema\/logo\/image\/","url":"https:\/\/www.camping-pyrenees-cathare.fr\/wp-content\/uploads\/2023\/05\/logo-couleur-camping-les-chalets-du-lac.webp","contentUrl":"https:\/\/www.camping-pyrenees-cathare.fr\/wp-content\/uploads\/2023\/05\/logo-couleur-camping-les-chalets-du-lac.webp","width":462,"height":252,"caption":"Les chalets du lac Belcaire"},"image":{"@id":"https:\/\/www.camping-pyrenees-cathare.fr\/#\/schema\/logo\/image\/"},"sameAs":["https:\/\/www.facebook.com\/campingbelcaire\/?locale=fr_FR","https:\/\/www.tripadvisor.fr\/Hotel_Review-g1384321-d13748665-Reviews-Les_Chalets_du_Lac-Belcaire_Aude_Occitanie.html","https:\/\/www.instagram.com\/leschaletsdulacbelcaire\/"]},{"@type":"Person","@id":"https:\/\/www.camping-pyrenees-cathare.fr\/#\/schema\/person\/e8f5ba466c7c8b8101ca5e722b563ea5","name":"Chalets Du Lac","image":{"@type":"ImageObject","inLanguage":"es","@id":"https:\/\/www.camping-pyrenees-cathare.fr\/#\/schema\/person\/image\/","url":"https:\/\/secure.gravatar.com\/avatar\/6d844aa6e68e8ab33e650fb7f89ff23e09732b1546d28a7aab36e6d3fe515022?s=96&d=mm&r=g","contentUrl":"https:\/\/secure.gravatar.com\/avatar\/6d844aa6e68e8ab33e650fb7f89ff23e09732b1546d28a7aab36e6d3fe515022?s=96&d=mm&r=g","caption":"Chalets Du Lac"},"sameAs":["https:\/\/www.camping-pyrenees-cathare.fr\/"]}]}},"_links":{"self":[{"href":"https:\/\/www.camping-pyrenees-cathare.fr\/es\/wp-json\/wp\/v2\/posts\/4643","targetHints":{"allow":["GET"]}}],"collection":[{"href":"https:\/\/www.camping-pyrenees-cathare.fr\/es\/wp-json\/wp\/v2\/posts"}],"about":[{"href":"https:\/\/www.camping-pyrenees-cathare.fr\/es\/wp-json\/wp\/v2\/types\/post"}],"author":[{"embeddable":true,"href":"https:\/\/www.camping-pyrenees-cathare.fr\/es\/wp-json\/wp\/v2\/users\/3"}],"replies":[{"embeddable":true,"href":"https:\/\/www.camping-pyrenees-cathare.fr\/es\/wp-json\/wp\/v2\/comments?post=4643"}],"version-history":[{"count":7,"href":"https:\/\/www.camping-pyrenees-cathare.fr\/es\/wp-json\/wp\/v2\/posts\/4643\/revisions"}],"predecessor-version":[{"id":4699,"href":"https:\/\/www.camping-pyrenees-cathare.fr\/es\/wp-json\/wp\/v2\/posts\/4643\/revisions\/4699"}],"wp:featuredmedia":[{"embeddable":true,"href":"https:\/\/www.camping-pyrenees-cathare.fr\/es\/wp-json\/wp\/v2\/media\/4688"}],"wp:attachment":[{"href":"https:\/\/www.camping-pyrenees-cathare.fr\/es\/wp-json\/wp\/v2\/media?parent=4643"}],"wp:term":[{"taxonomy":"category","embeddable":true,"href":"https:\/\/www.camping-pyrenees-cathare.fr\/es\/wp-json\/wp\/v2\/categories?post=4643"},{"taxonomy":"post_tag","embeddable":true,"href":"https:\/\/www.camping-pyrenees-cathare.fr\/es\/wp-json\/wp\/v2\/tags?post=4643"},{"taxonomy":"sujet","embeddable":true,"href":"https:\/\/www.camping-pyrenees-cathare.fr\/es\/wp-json\/wp\/v2\/sujet?post=4643"}],"curies":[{"name":"wp","href":"https:\/\/api.w.org\/{rel}","templated":true}]}}