{"id":5626,"date":"2026-03-11T12:13:57","date_gmt":"2026-03-11T11:13:57","guid":{"rendered":"https:\/\/www.camping-pyrenees-cathare.fr\/?p=5626"},"modified":"2026-03-11T17:53:14","modified_gmt":"2026-03-11T16:53:14","slug":"hotel-belcaire-camping","status":"publish","type":"post","link":"https:\/\/www.camping-pyrenees-cathare.fr\/es\/blog\/hotel-belcaire-camping\/","title":{"rendered":"Un h\u00f4tel au camping \u00e0 Belcaire : une nouvelle fa\u00e7on de s\u00e9journer en pleine nature"},"content":{"rendered":"\n<p class=\"ls-paragraph\">Vous cherchez <strong>un h\u00f4tel \u00e0 Belcaire<\/strong> pour profiter de la nature tout en b\u00e9n\u00e9ficiant d\u2019un h\u00e9bergement confortable ? Le <strong>Camping Les Chalets du Lac<\/strong> propose un concept unique : <strong>un v\u00e9ritable h\u00f4tel au camping \u00e0 Belcaire<\/strong>. Gr\u00e2ce \u00e0 ses nouvelles <strong>studettes h\u00f4teli\u00e8res<\/strong>, vous profitez du confort d\u2019un h\u00f4tel tout en s\u00e9journant dans un camping 4 \u00e9toiles avec spa, piscine chauff\u00e9e et environnement naturel exceptionnel.<\/p>\n\n\n\n<h2 class=\"ls__heading wp-block-heading\">Le camping Les Chalets du Lac \u00e0 Belcaire : un camping 4 \u00e9toiles nature et d\u00e9tente<\/h2>\n\n\n\n<p class=\"ls-paragraph\">Nich\u00e9 au c\u0153ur d\u2019un cadre naturel pr\u00e9serv\u00e9, le Camping Les Chalets du Lac est une destination id\u00e9ale pour les voyageurs en qu\u00eate de calme, de nature et de confort.<\/p>\n\n\n\n<p class=\"ls-paragraph\">Class\u00e9 <strong>camping 4 \u00e9toiles<\/strong>, il offre \u00e0 ses visiteurs des prestations haut de gamme pour un s\u00e9jour plac\u00e9 sous le signe de la d\u00e9tente et du bien-\u00eatre.<\/p>\n\n\n\n<p class=\"ls-paragraph\">Sur place, les vacanciers peuvent profiter de nombreux \u00e9quipements et services :<\/p>\n\n\n\n<ul class=\"ls-list ls-list-undefined wp-block-list\">\n<li>un <strong>bar-restaurant convivial<\/strong><\/li>\n\n\n\n<li>un <strong>espace biblioth\u00e8que<\/strong><\/li>\n\n\n\n<li>un <strong>bar \u00e0 jeux<\/strong> pour partager des moments en famille ou entre amis<\/li>\n\n\n\n<li>une <strong>piscine ext\u00e9rieure chauff\u00e9e<\/strong><\/li>\n\n\n\n<li>un <strong>espace bien-\u00eatre int\u00e9rieur<\/strong><\/li>\n<\/ul>\n\n\n\n<p class=\"ls-paragraph\">L\u2019espace bien-\u00eatre est compos\u00e9 :<\/p>\n\n\n\n<ul class=\"ls-list ls-list-undefined wp-block-list\">\n<li>d&#8217;une piscine chauff\u00e9e <\/li>\n\n\n\n<li>d\u2019un <strong>spa<\/strong><\/li>\n\n\n\n<li>d\u2019un <strong>sauna<\/strong><\/li>\n<\/ul>\n\n\n\n<p class=\"ls-paragraph\">Ces installations sont <strong>chauff\u00e9es<\/strong>, permettant de profiter d\u2019un moment de relaxation quelle que soit la saison.<\/p>\n\n\n\n<p class=\"ls-paragraph\">Dans cet environnement naturel exceptionnel, tout est pens\u00e9 pour offrir une v\u00e9ritable pause loin du stress du quotidien.<\/p>\n\n\n\n<figure class=\"wp-block-image size-large\"><img loading=\"lazy\" decoding=\"async\" width=\"1024\" height=\"768\" src=\"https:\/\/www.camping-pyrenees-cathare.fr\/wp-content\/uploads\/2025\/09\/20250331_164215-1024x768.jpg\" alt=\"piscine chauffee hotel a belcaire camping les chalets du lac\" class=\"wp-image-5515\" srcset=\"https:\/\/www.camping-pyrenees-cathare.fr\/wp-content\/uploads\/2025\/09\/20250331_164215-1024x768.jpg 1024w, https:\/\/www.camping-pyrenees-cathare.fr\/wp-content\/uploads\/2025\/09\/20250331_164215-300x225.jpg 300w, https:\/\/www.camping-pyrenees-cathare.fr\/wp-content\/uploads\/2025\/09\/20250331_164215-768x576.jpg 768w, https:\/\/www.camping-pyrenees-cathare.fr\/wp-content\/uploads\/2025\/09\/20250331_164215-1536x1152.jpg 1536w, https:\/\/www.camping-pyrenees-cathare.fr\/wp-content\/uploads\/2025\/09\/20250331_164215-2048x1536.jpg 2048w\" sizes=\"auto, (max-width: 1024px) 100vw, 1024px\" \/><\/figure>\n\n\n\n<h2 class=\"ls__heading wp-block-heading\">Un h\u00f4tel au camping \u00e0 Belcaire : une r\u00e9volution dans l\u2019univers du camping<\/h2>\n\n\n\n<p class=\"ls-paragraph\">Le camping \u00e9volue. Aujourd\u2019hui, il ne s\u2019adresse plus seulement aux amateurs de tentes et de caravanes. Les voyageurs recherchent d\u00e9sormais <strong><a href=\"https:\/\/reservation.secureholiday.net\/fr\/13287\/search\/product-view\/146641\">le confort d\u2019un h\u00f4tel tout en restant proches de la nature<\/a><\/strong>.<\/p>\n\n\n\n<p class=\"ls-paragraph\">C\u2019est pr\u00e9cis\u00e9ment l\u2019id\u00e9e d\u00e9velopp\u00e9e par le Camping Les Chalets du Lac : proposer <a href=\"https:\/\/reservation.secureholiday.net\/fr\/13287\/search\/product-view\/146641\"><strong>un h\u00f4tel directement au sein du camping<\/strong>.<\/a><\/p>\n\n\n\n<p class=\"ls-paragraph\">Ce concept permet de profiter :<\/p>\n\n\n\n<ul class=\"ls-list ls-list-undefined wp-block-list\">\n<li>de la libert\u00e9 du camping<\/li>\n\n\n\n<li>de l\u2019environnement naturel<\/li>\n\n\n\n<li>des \u00e9quipements 4 \u00e9toiles<\/li>\n\n\n\n<li>et du confort d\u2019un h\u00e9bergement pr\u00eat \u00e0 vivre<\/li>\n<\/ul>\n\n\n\n<p class=\"ls-paragraph\">Plus besoin de pr\u00e9voir du mat\u00e9riel, des draps ou des serviettes. Ici, tout est d\u00e9j\u00e0 pr\u00eat pour votre arriv\u00e9e.<\/p>\n\n\n\n<p class=\"ls-paragraph\">Il ne vous reste qu\u2019une seule chose \u00e0 faire : <strong>poser vos valises et profiter de votre s\u00e9jour<\/strong>.<\/p>\n\n\n\n<h2 class=\"ls__heading wp-block-heading\">Les studettes h\u00f4teli\u00e8res : un petit appartement tout confort<\/h2>\n\n\n\n<p class=\"ls-paragraph\">Pour concr\u00e9tiser cette id\u00e9e <a href=\"https:\/\/reservation.secureholiday.net\/fr\/13287\/search\/product-view\/146641\">d\u2019<strong>h\u00f4tel au camping<\/strong><\/a>, le Camping Les Chalets du Lac propose d\u00e9sormais des <a href=\"https:\/\/reservation.secureholiday.net\/fr\/13287\/search\/product-view\/146641\"><strong>studettes h\u00f4teli\u00e8res<\/strong>.<\/a><\/p>\n\n\n\n<p class=\"ls-paragraph\">Ces petits appartements de <strong>14 m\u00b2<\/strong> ont \u00e9t\u00e9 con\u00e7us pour accueillir <strong>deux personnes<\/strong> dans un espace fonctionnel, moderne et confortable.<\/p>\n\n\n\n<p class=\"ls-paragraph\">Chaque studette est pens\u00e9e comme une <strong><a href=\"https:\/\/reservation.secureholiday.net\/fr\/13287\/search\/product-view\/146641\">v\u00e9ritable chambre d\u2019h\u00f4tel avec kitchenette<\/a><\/strong>, id\u00e9ale pour un s\u00e9jour en toute autonomie. <\/p>\n\n\n\n<p class=\"ls-paragraph\">Les studettes h\u00f4teli\u00e8res propos\u00e9es par le Camping Les Chalets du Lac permettent de profiter <strong>d\u2019un h\u00f4tel \u00e0 Belcaire<\/strong> tout en \u00e9tant immerg\u00e9 dans la nature.<\/p>\n\n\n\n<h3 class=\"ls__heading wp-block-heading\">Un espace cuisine \u00e9quip\u00e9<\/h3>\n\n\n\n<p class=\"ls-paragraph\">Chaque studette dispose d\u2019un <strong>coin cuisine enti\u00e8rement \u00e9quip\u00e9<\/strong> permettant de pr\u00e9parer facilement ses repas.<\/p>\n\n\n\n<p class=\"ls-paragraph\">Vous y trouverez notamment :<\/p>\n\n\n\n<ul class=\"ls-list ls-list-undefined wp-block-list\">\n<li>plaques de cuisson<\/li>\n\n\n\n<li>\u00e9vier<\/li>\n\n\n\n<li>rangements<\/li>\n\n\n\n<li>ustensiles de cuisine<\/li>\n<\/ul>\n\n\n\n<p class=\"ls-paragraph\">Cela permet aux voyageurs de profiter d\u2019une totale libert\u00e9 : cuisiner sur place ou profiter du bar-restaurant du camping selon leurs envies.<\/p>\n\n\n\n<figure class=\"wp-block-image size-large\"><img loading=\"lazy\" decoding=\"async\" width=\"1024\" height=\"683\" src=\"https:\/\/www.camping-pyrenees-cathare.fr\/wp-content\/uploads\/2026\/03\/IMG_3792-1024x683.jpg\" alt=\"studette hoteliere hotel a belcaire camping les chalets du lac\" class=\"wp-image-5627\" srcset=\"https:\/\/www.camping-pyrenees-cathare.fr\/wp-content\/uploads\/2026\/03\/IMG_3792-1024x683.jpg 1024w, https:\/\/www.camping-pyrenees-cathare.fr\/wp-content\/uploads\/2026\/03\/IMG_3792-300x200.jpg 300w, https:\/\/www.camping-pyrenees-cathare.fr\/wp-content\/uploads\/2026\/03\/IMG_3792-768x512.jpg 768w, https:\/\/www.camping-pyrenees-cathare.fr\/wp-content\/uploads\/2026\/03\/IMG_3792-1536x1024.jpg 1536w, https:\/\/www.camping-pyrenees-cathare.fr\/wp-content\/uploads\/2026\/03\/IMG_3792.jpg 1920w\" sizes=\"auto, (max-width: 1024px) 100vw, 1024px\" \/><\/figure>\n\n\n\n<h3 class=\"ls__heading wp-block-heading\">Un coin repas confortable<\/h3>\n\n\n\n<p class=\"ls-paragraph\">L\u2019espace de vie comprend \u00e9galement <strong>un coin repas avec banquette et t\u00e9l\u00e9vision<\/strong>.<\/p>\n\n\n\n<p class=\"ls-paragraph\">Cet espace convivial permet de :<\/p>\n\n\n\n<ul class=\"ls-list ls-list-undefined wp-block-list\">\n<li>prendre ses repas<\/li>\n\n\n\n<li>regarder un film<\/li>\n\n\n\n<li>se d\u00e9tendre apr\u00e8s une journ\u00e9e de randonn\u00e9e<\/li>\n\n\n\n<li>profiter d\u2019un moment calme<\/li>\n<\/ul>\n\n\n\n<p class=\"ls-paragraph\">M\u00eame dans un espace compact, tout est pens\u00e9 pour offrir <strong>confort et praticit\u00e9<\/strong>.<\/p>\n\n\n\n<figure class=\"wp-block-image size-large\"><img loading=\"lazy\" decoding=\"async\" width=\"683\" height=\"1024\" src=\"https:\/\/www.camping-pyrenees-cathare.fr\/wp-content\/uploads\/2026\/03\/IMG_3788-683x1024.jpg\" alt=\"studette hoteliere hotel a belcaire camping les chalets du lac\" class=\"wp-image-5630\" srcset=\"https:\/\/www.camping-pyrenees-cathare.fr\/wp-content\/uploads\/2026\/03\/IMG_3788-683x1024.jpg 683w, https:\/\/www.camping-pyrenees-cathare.fr\/wp-content\/uploads\/2026\/03\/IMG_3788-200x300.jpg 200w, https:\/\/www.camping-pyrenees-cathare.fr\/wp-content\/uploads\/2026\/03\/IMG_3788-768x1152.jpg 768w, https:\/\/www.camping-pyrenees-cathare.fr\/wp-content\/uploads\/2026\/03\/IMG_3788-1024x1536.jpg 1024w, https:\/\/www.camping-pyrenees-cathare.fr\/wp-content\/uploads\/2026\/03\/IMG_3788-rotated.jpg 1280w\" sizes=\"auto, (max-width: 683px) 100vw, 683px\" \/><\/figure>\n\n\n\n<h3 class=\"ls__heading wp-block-heading\">Un coin nuit cosy<\/h3>\n\n\n\n<p class=\"ls-paragraph\">Le coin nuit est \u00e9quip\u00e9 d\u2019un <strong>lit double en 140 cm<\/strong>, id\u00e9al pour un s\u00e9jour \u00e0 deux.<\/p>\n\n\n\n<p class=\"ls-paragraph\">L\u2019ambiance y est chaleureuse et reposante, parfaite pour r\u00e9cup\u00e9rer apr\u00e8s une journ\u00e9e pass\u00e9e en pleine nature.<\/p>\n\n\n\n<p class=\"ls-paragraph\">Comme dans un h\u00f4tel, <strong>les draps sont fournis<\/strong>, ce qui permet d\u2019arriver les mains libres.<\/p>\n\n\n\n<figure class=\"wp-block-image size-large\"><img loading=\"lazy\" decoding=\"async\" width=\"1024\" height=\"683\" src=\"https:\/\/www.camping-pyrenees-cathare.fr\/wp-content\/uploads\/2026\/03\/IMG_3784-1024x683.jpg\" alt=\"studette hoteliere hotel a belcaire camping les chalets du lac\" class=\"wp-image-5633\" srcset=\"https:\/\/www.camping-pyrenees-cathare.fr\/wp-content\/uploads\/2026\/03\/IMG_3784-1024x683.jpg 1024w, https:\/\/www.camping-pyrenees-cathare.fr\/wp-content\/uploads\/2026\/03\/IMG_3784-300x200.jpg 300w, https:\/\/www.camping-pyrenees-cathare.fr\/wp-content\/uploads\/2026\/03\/IMG_3784-768x512.jpg 768w, https:\/\/www.camping-pyrenees-cathare.fr\/wp-content\/uploads\/2026\/03\/IMG_3784-1536x1024.jpg 1536w, https:\/\/www.camping-pyrenees-cathare.fr\/wp-content\/uploads\/2026\/03\/IMG_3784.jpg 1920w\" sizes=\"auto, (max-width: 1024px) 100vw, 1024px\" \/><\/figure>\n\n\n\n<h3 class=\"ls__heading wp-block-heading\">Une salle d\u2019eau moderne<\/h3>\n\n\n\n<p class=\"ls-paragraph\">Chaque studette comprend \u00e9galement <strong>une salle d\u2019eau privative avec douche et WC<\/strong>.<\/p>\n\n\n\n<p class=\"ls-paragraph\">Pour encore plus de confort, <strong>les serviettes sont fournies<\/strong>, comme dans un h\u00f4tel classique.<\/p>\n\n\n\n<p class=\"ls-paragraph\">L\u2019objectif est simple : proposer <strong>un h\u00e9bergement pr\u00eat \u00e0 vivre<\/strong>, sans contrainte pour les voyageurs.<\/p>\n\n\n\n<figure class=\"wp-block-image size-large\"><img loading=\"lazy\" decoding=\"async\" width=\"683\" height=\"1024\" src=\"https:\/\/www.camping-pyrenees-cathare.fr\/wp-content\/uploads\/2026\/03\/IMG_3814-683x1024.jpg\" alt=\"studette hoteliere hotel a belcaire camping les chalets du lac\" class=\"wp-image-5636\" srcset=\"https:\/\/www.camping-pyrenees-cathare.fr\/wp-content\/uploads\/2026\/03\/IMG_3814-683x1024.jpg 683w, https:\/\/www.camping-pyrenees-cathare.fr\/wp-content\/uploads\/2026\/03\/IMG_3814-200x300.jpg 200w, https:\/\/www.camping-pyrenees-cathare.fr\/wp-content\/uploads\/2026\/03\/IMG_3814-768x1152.jpg 768w, https:\/\/www.camping-pyrenees-cathare.fr\/wp-content\/uploads\/2026\/03\/IMG_3814-1024x1536.jpg 1024w, https:\/\/www.camping-pyrenees-cathare.fr\/wp-content\/uploads\/2026\/03\/IMG_3814-rotated.jpg 1280w\" sizes=\"auto, (max-width: 683px) 100vw, 683px\" \/><\/figure>\n\n\n\n<h2 class=\"ls__heading wp-block-heading\">Un h\u00f4tel nature \u00e0 Belcaire accessible \u00e0 la nuit\u00e9e toute l\u2019ann\u00e9e<\/h2>\n\n\n\n<p class=\"ls-paragraph\">L\u2019un des grands avantages de ces studettes h\u00f4teli\u00e8res est leur <strong>flexibilit\u00e9<\/strong>.<\/p>\n\n\n\n<p class=\"ls-paragraph\">Contrairement \u00e0 de nombreuses locations de vacances, elles peuvent \u00eatre r\u00e9serv\u00e9es <strong>\u00e0 la nuit\u00e9e<\/strong>.<\/p>\n\n\n\n<p class=\"ls-paragraph\">Cela en fait une solution id\u00e9ale pour :<\/p>\n\n\n\n<ul class=\"ls-list ls-list-undefined wp-block-list\">\n<li>une <strong>escapade nature<\/strong><\/li>\n\n\n\n<li>une <strong>halte lors d\u2019un voyage<\/strong><\/li>\n\n\n\n<li>un <strong>week-end d\u00e9tente<\/strong><\/li>\n\n\n\n<li>un <strong>court s\u00e9jour en couple<\/strong><\/li>\n<\/ul>\n\n\n\n<p class=\"ls-paragraph\">Autre avantage majeur : <strong>la location est possible toute l\u2019ann\u00e9e<\/strong>.<\/p>\n\n\n\n<p class=\"ls-paragraph\">Gr\u00e2ce aux \u00e9quipements chauff\u00e9s et aux prestations du camping, vous pouvez profiter d\u2019un s\u00e9jour confortable quelle que soit la saison.<\/p>\n\n\n\n<h2 class=\"ls__heading wp-block-heading\">Profiter des \u00e9quipements 4 \u00e9toiles du camping<\/h2>\n\n\n\n<p class=\"ls-paragraph\">S\u00e9journer dans une studette h\u00f4teli\u00e8re, c\u2019est aussi profiter de <strong>toutes les infrastructures du camping 4 \u00e9toiles<\/strong>.<\/p>\n\n\n\n<p class=\"ls-paragraph\">Pendant votre s\u00e9jour, vous aurez acc\u00e8s \u00e0 :<\/p>\n\n\n\n<ul class=\"ls-list ls-list-undefined wp-block-list\">\n<li><a href=\"https:\/\/www.camping-pyrenees-cathare.fr\/camping-piscine-chauffee-belcaire\/\">la <strong>piscine ext\u00e9rieure chauff\u00e9e<\/strong><\/a><\/li>\n\n\n\n<li><a href=\"https:\/\/www.camping-pyrenees-cathare.fr\/un-espace-bien-etre-au-coeur-de-la-montagne\/\">l\u2019<strong>espace bien-\u00eatre int\u00e9rieur<\/strong><\/a><\/li>\n\n\n\n<li>le <strong>spa<\/strong><\/li>\n\n\n\n<li>le <strong>sauna<\/strong><\/li>\n\n\n\n<li><a href=\"https:\/\/www.camping-pyrenees-cathare.fr\/bar-restaurant-belcaire\/\">le <strong>bar-restaurant<\/strong><\/a><\/li>\n\n\n\n<li><a href=\"https:\/\/www.camping-pyrenees-cathare.fr\/camping-animations-belcaire\/\">la <strong>biblioth\u00e8que<\/strong><\/a><\/li>\n\n\n\n<li><a href=\"https:\/\/www.camping-pyrenees-cathare.fr\/camping-animations-belcaire\/\">le <strong>bar \u00e0 jeux<\/strong><\/a><\/li>\n<\/ul>\n\n\n\n<p class=\"ls-paragraph\">Ces \u00e9quipements permettent de transformer un simple s\u00e9jour en <strong>v\u00e9ritable parenth\u00e8se de d\u00e9tente<\/strong>.<\/p>\n\n\n\n<p class=\"ls-paragraph\">Apr\u00e8s une journ\u00e9e d\u2019activit\u00e9s en pleine nature, rien de tel qu\u2019un moment de relaxation au spa ou au sauna.<\/p>\n\n\n\n<figure class=\"wp-block-image size-large\"><img loading=\"lazy\" decoding=\"async\" width=\"1024\" height=\"577\" src=\"https:\/\/www.camping-pyrenees-cathare.fr\/wp-content\/uploads\/2026\/03\/20240702_163048-1024x577.jpg\" alt=\"20240702 163048\" class=\"wp-image-5639\" srcset=\"https:\/\/www.camping-pyrenees-cathare.fr\/wp-content\/uploads\/2026\/03\/20240702_163048-1024x577.jpg 1024w, https:\/\/www.camping-pyrenees-cathare.fr\/wp-content\/uploads\/2026\/03\/20240702_163048-300x169.jpg 300w, https:\/\/www.camping-pyrenees-cathare.fr\/wp-content\/uploads\/2026\/03\/20240702_163048-768x432.jpg 768w, https:\/\/www.camping-pyrenees-cathare.fr\/wp-content\/uploads\/2026\/03\/20240702_163048-1536x865.jpg 1536w, https:\/\/www.camping-pyrenees-cathare.fr\/wp-content\/uploads\/2026\/03\/20240702_163048-2048x1153.jpg 2048w\" sizes=\"auto, (max-width: 1024px) 100vw, 1024px\" \/><\/figure>\n\n\n\n<h2 class=\"ls__heading wp-block-heading\">Nature et activit\u00e9s autour de Belcaire<\/h2>\n\n\n\n<p class=\"ls-paragraph\">Belcaire est une destination id\u00e9ale pour les amoureux de la nature et <a href=\"https:\/\/www.pyreneesaudoises.fr\/tourisme\/\">des activit\u00e9s de plein air.<\/a><\/p>\n\n\n\n<p class=\"ls-paragraph\">La r\u00e9gion offre de nombreuses possibilit\u00e9s pour d\u00e9couvrir les paysages environnants.<\/p>\n\n\n\n<p class=\"ls-paragraph\">Les visiteurs peuvent notamment profiter de :<\/p>\n\n\n\n<ul class=\"ls-list ls-list-undefined wp-block-list\">\n<li><strong><a href=\"https:\/\/www.pyreneesaudoises.com\/rando\/\">sentiers de randonn\u00e9e<\/a><\/strong><\/li>\n\n\n\n<li><strong><a href=\"https:\/\/www.pyreneesaudoises.com\/vtt\/\">parcours VTT<\/a><\/strong><\/li>\n\n\n\n<li>balades en for\u00eat<\/li>\n\n\n\n<li>d\u00e9couverte des lacs de montagne<\/li>\n\n\n\n<li>observation de la faune et de la flore<\/li>\n<\/ul>\n\n\n\n<p class=\"ls-paragraph\">Le cadre naturel autour du camping permet de vivre un s\u00e9jour authentique, loin de l\u2019agitation des grandes villes.<\/p>\n\n\n\n<p class=\"ls-paragraph\">Que vous soyez sportif ou simplement en qu\u00eate de calme, Belcaire est une destination parfaite pour se ressourcer.<\/p>\n\n\n\n<p class=\"ls-paragraph\">Apr\u00e8s une journ\u00e9e de randonn\u00e9e ou de VTT, revenir dans <strong>votre h\u00f4tel \u00e0 Belcaire au Camping Les Chalets du Lac<\/strong> est un vrai moment de d\u00e9tente.<\/p>\n\n\n\n<h2 class=\"ls__heading wp-block-heading\">Pourquoi choisir un h\u00f4tel au camping plut\u00f4t qu\u2019un h\u00f4tel classique ?<\/h2>\n\n\n\n<p class=\"ls-paragraph\">Le concept d\u2019<strong>h\u00f4tel au camping<\/strong> pr\u00e9sente de nombreux avantages.<\/p>\n\n\n\n<p class=\"ls-paragraph\">Contrairement \u00e0 un h\u00f4tel traditionnel, il permet de profiter :<\/p>\n\n\n\n<ul class=\"ls-list ls-list-undefined wp-block-list\">\n<li>d\u2019un <strong>cadre naturel exceptionnel<\/strong><\/li>\n\n\n\n<li>d\u2019un <strong>h\u00e9bergement confortable<\/strong><\/li>\n\n\n\n<li>d\u2019une <strong>ambiance conviviale<\/strong><\/li>\n\n\n\n<li>d\u2019<strong>\u00e9quipements de loisirs<\/strong><\/li>\n\n\n\n<li>d\u2019un <strong>excellent rapport qualit\u00e9-prix<\/strong><\/li>\n<\/ul>\n\n\n\n<p class=\"ls-paragraph\">C\u2019est une nouvelle fa\u00e7on de voyager, plus proche de la nature tout en conservant le confort auquel les voyageurs sont habitu\u00e9s.<\/p>\n\n\n\n<p class=\"ls-paragraph\">Ce concept s\u00e9duit de plus en plus de visiteurs \u00e0 la recherche d\u2019une exp\u00e9rience diff\u00e9rente.<\/p>\n\n\n\n<h2 class=\"ls__heading wp-block-heading\">R\u00e9servez votre studette h\u00f4teli\u00e8re aux Chalets du Lac<\/h2>\n\n\n\n<p class=\"ls-paragraph\">Avec ses <strong>studettes h\u00f4teli\u00e8res<\/strong>, le Camping Les Chalets du Lac propose une exp\u00e9rience unique : <strong>le confort d\u2019un h\u00f4tel au c\u0153ur d\u2019un camping 4 \u00e9toiles<\/strong>.<\/p>\n\n\n\n<p class=\"ls-paragraph\">Que vous soyez de passage \u00e0 Belcaire pour une nuit ou que vous souhaitiez profiter d\u2019un s\u00e9jour nature plus long, ces h\u00e9bergements sont la solution id\u00e9ale.<\/p>\n\n\n\n<p class=\"ls-paragraph\">Ici, tout est pens\u00e9 pour votre confort :<\/p>\n\n\n\n<ul class=\"ls-list ls-list-undefined wp-block-list\">\n<li>draps fournis<\/li>\n\n\n\n<li>serviettes incluses<\/li>\n\n\n\n<li>cuisine \u00e9quip\u00e9e<\/li>\n\n\n\n<li>acc\u00e8s aux \u00e9quipements du camping<\/li>\n\n\n\n<li>r\u00e9servation possible \u00e0 la nuit\u00e9e<\/li>\n<\/ul>\n\n\n\n<p class=\"ls-paragraph\">Il ne vous reste plus qu\u2019\u00e0 <strong>poser vos valises et profiter de la nature, du spa et du calme environnant<\/strong>.<\/p>\n\n\n\n<p class=\"ls-paragraph\">Une nouvelle fa\u00e7on de voyager, entre <strong>h\u00f4tel et camping<\/strong>, qui pourrait bien r\u00e9volutionner vos prochaines vacances.<\/p>\n\n\n\n<p class=\"ls-paragraph\">Si vous cherchez <strong>un h\u00f4tel \u00e0 Belcaire diff\u00e9rent<\/strong>, au c\u0153ur de la nature et avec des prestations 4 \u00e9toiles, les studettes h\u00f4teli\u00e8res du camping sont la solution id\u00e9ale.<\/p>\n","protected":false},"excerpt":{"rendered":"<p>Vous cherchez un h\u00f4tel \u00e0 Belcaire pour profiter de la nature tout en b\u00e9n\u00e9ficiant d\u2019un h\u00e9bergement confortable ? Le Camping Les Chalets du Lac propose un concept unique : un v\u00e9ritable h\u00f4tel au camping \u00e0 Belcaire. Gr\u00e2ce \u00e0 ses nouvelles studettes h\u00f4teli\u00e8res, vous profitez du confort d\u2019un h\u00f4tel tout en s\u00e9journant dans un camping 4 [&hellip;]<\/p>\n","protected":false},"author":3,"featured_media":5627,"comment_status":"closed","ping_status":"closed","sticky":false,"template":"","format":"standard","meta":{"_acf_changed":false,"footnotes":""},"categories":[20],"tags":[50,53,57,58],"sujet":[],"class_list":["post-5626","post","type-post","status-publish","format-standard","has-post-thumbnail","hentry","category-blog","tag-belcaire","tag-camping","tag-hotel","tag-piscine"],"acf":[],"yoast_head":"<!-- This site is optimized with the Yoast SEO plugin v25.2 - https:\/\/yoast.com\/wordpress\/plugins\/seo\/ -->\n<title>H\u00f4tel \u00e0 Belcaire : dormez au Camping Les Chalets du Lac<\/title>\n<meta name=\"description\" content=\"D\u00e9couvrez un h\u00f4tel \u00e0 Belcaire au Camping Les Chalets du Lac : studettes tout confort, spa, piscine et nature.\" \/>\n<meta name=\"robots\" content=\"index, follow, max-snippet:-1, max-image-preview:large, max-video-preview:-1\" \/>\n<link rel=\"canonical\" href=\"https:\/\/www.camping-pyrenees-cathare.fr\/blog\/hotel-belcaire-camping\/\" \/>\n<meta property=\"og:locale\" content=\"es_ES\" \/>\n<meta property=\"og:type\" content=\"article\" \/>\n<meta property=\"og:title\" content=\"H\u00f4tel \u00e0 Belcaire : dormez au Camping Les Chalets du Lac\" \/>\n<meta property=\"og:description\" content=\"D\u00e9couvrez un h\u00f4tel \u00e0 Belcaire au Camping Les Chalets du Lac : studettes tout confort, spa, piscine et nature.\" \/>\n<meta property=\"og:url\" content=\"https:\/\/www.camping-pyrenees-cathare.fr\/blog\/hotel-belcaire-camping\/\" \/>\n<meta property=\"og:site_name\" content=\"Les Chalets du Lac Belcaire\" \/>\n<meta property=\"article:publisher\" content=\"https:\/\/www.facebook.com\/campingbelcaire\/?locale=fr_FR\" \/>\n<meta property=\"article:published_time\" content=\"2026-03-11T11:13:57+00:00\" \/>\n<meta property=\"article:modified_time\" content=\"2026-03-11T16:53:14+00:00\" \/>\n<meta property=\"og:image\" content=\"https:\/\/www.camping-pyrenees-cathare.fr\/wp-content\/uploads\/2025\/12\/IMG_3792.jpg\" \/>\n\t<meta property=\"og:image:width\" content=\"1920\" \/>\n\t<meta property=\"og:image:height\" content=\"1280\" \/>\n\t<meta property=\"og:image:type\" content=\"image\/jpeg\" \/>\n<meta name=\"author\" content=\"Chalets Du Lac\" \/>\n<meta name=\"twitter:card\" content=\"summary_large_image\" \/>\n<meta name=\"twitter:label1\" content=\"Escrito por\" \/>\n\t<meta name=\"twitter:data1\" content=\"Chalets Du Lac\" \/>\n\t<meta name=\"twitter:label2\" content=\"Tiempo de lectura\" \/>\n\t<meta name=\"twitter:data2\" content=\"8 minutos\" \/>\n<script type=\"application\/ld+json\" class=\"yoast-schema-graph\">{\"@context\":\"https:\/\/schema.org\",\"@graph\":[{\"@type\":[\"Article\",\"BlogPosting\"],\"@id\":\"https:\/\/www.camping-pyrenees-cathare.fr\/blog\/hotel-belcaire-camping\/#article\",\"isPartOf\":{\"@id\":\"https:\/\/www.camping-pyrenees-cathare.fr\/blog\/hotel-belcaire-camping\/\"},\"author\":{\"name\":\"Chalets Du Lac\",\"@id\":\"https:\/\/www.camping-pyrenees-cathare.fr\/#\/schema\/person\/e8f5ba466c7c8b8101ca5e722b563ea5\"},\"headline\":\"Un h\u00f4tel au camping \u00e0 Belcaire : une nouvelle fa\u00e7on de s\u00e9journer en pleine nature\",\"datePublished\":\"2026-03-11T11:13:57+00:00\",\"dateModified\":\"2026-03-11T16:53:14+00:00\",\"mainEntityOfPage\":{\"@id\":\"https:\/\/www.camping-pyrenees-cathare.fr\/blog\/hotel-belcaire-camping\/\"},\"wordCount\":1348,\"publisher\":{\"@id\":\"https:\/\/www.camping-pyrenees-cathare.fr\/#organization\"},\"image\":{\"@id\":\"https:\/\/www.camping-pyrenees-cathare.fr\/blog\/hotel-belcaire-camping\/#primaryimage\"},\"thumbnailUrl\":\"https:\/\/www.camping-pyrenees-cathare.fr\/wp-content\/uploads\/2026\/03\/IMG_3792.jpg\",\"keywords\":[\"belcaire\",\"camping\",\"h\u00f4tel\",\"piscine\"],\"articleSection\":[\"blog\"],\"inLanguage\":\"es\"},{\"@type\":\"WebPage\",\"@id\":\"https:\/\/www.camping-pyrenees-cathare.fr\/blog\/hotel-belcaire-camping\/\",\"url\":\"https:\/\/www.camping-pyrenees-cathare.fr\/blog\/hotel-belcaire-camping\/\",\"name\":\"H\u00f4tel \u00e0 Belcaire : dormez au Camping Les Chalets du Lac\",\"isPartOf\":{\"@id\":\"https:\/\/www.camping-pyrenees-cathare.fr\/#website\"},\"primaryImageOfPage\":{\"@id\":\"https:\/\/www.camping-pyrenees-cathare.fr\/blog\/hotel-belcaire-camping\/#primaryimage\"},\"image\":{\"@id\":\"https:\/\/www.camping-pyrenees-cathare.fr\/blog\/hotel-belcaire-camping\/#primaryimage\"},\"thumbnailUrl\":\"https:\/\/www.camping-pyrenees-cathare.fr\/wp-content\/uploads\/2026\/03\/IMG_3792.jpg\",\"datePublished\":\"2026-03-11T11:13:57+00:00\",\"dateModified\":\"2026-03-11T16:53:14+00:00\",\"description\":\"D\u00e9couvrez un h\u00f4tel \u00e0 Belcaire au Camping Les Chalets du Lac : studettes tout confort, spa, piscine et nature.\",\"breadcrumb\":{\"@id\":\"https:\/\/www.camping-pyrenees-cathare.fr\/blog\/hotel-belcaire-camping\/#breadcrumb\"},\"inLanguage\":\"es\",\"potentialAction\":[{\"@type\":\"ReadAction\",\"target\":[\"https:\/\/www.camping-pyrenees-cathare.fr\/blog\/hotel-belcaire-camping\/\"]}]},{\"@type\":\"ImageObject\",\"inLanguage\":\"es\",\"@id\":\"https:\/\/www.camping-pyrenees-cathare.fr\/blog\/hotel-belcaire-camping\/#primaryimage\",\"url\":\"https:\/\/www.camping-pyrenees-cathare.fr\/wp-content\/uploads\/2026\/03\/IMG_3792.jpg\",\"contentUrl\":\"https:\/\/www.camping-pyrenees-cathare.fr\/wp-content\/uploads\/2026\/03\/IMG_3792.jpg\",\"width\":1920,\"height\":1280,\"caption\":\"IMG 3792\"},{\"@type\":\"BreadcrumbList\",\"@id\":\"https:\/\/www.camping-pyrenees-cathare.fr\/blog\/hotel-belcaire-camping\/#breadcrumb\",\"itemListElement\":[{\"@type\":\"ListItem\",\"position\":1,\"name\":\"Camping Belcaire\",\"item\":\"https:\/\/www.camping-pyrenees-cathare.fr\/es\/\"},{\"@type\":\"ListItem\",\"position\":2,\"name\":\"Un h\u00f4tel au camping \u00e0 Belcaire : une nouvelle fa\u00e7on de s\u00e9journer en pleine nature\"}]},{\"@type\":\"WebSite\",\"@id\":\"https:\/\/www.camping-pyrenees-cathare.fr\/#website\",\"url\":\"https:\/\/www.camping-pyrenees-cathare.fr\/\",\"name\":\"Les chalets du lac Belcaire\",\"description\":\"\",\"publisher\":{\"@id\":\"https:\/\/www.camping-pyrenees-cathare.fr\/#organization\"},\"potentialAction\":[{\"@type\":\"SearchAction\",\"target\":{\"@type\":\"EntryPoint\",\"urlTemplate\":\"https:\/\/www.camping-pyrenees-cathare.fr\/?s={search_term_string}\"},\"query-input\":{\"@type\":\"PropertyValueSpecification\",\"valueRequired\":true,\"valueName\":\"search_term_string\"}}],\"inLanguage\":\"es\"},{\"@type\":\"Organization\",\"@id\":\"https:\/\/www.camping-pyrenees-cathare.fr\/#organization\",\"name\":\"Les chalets du lac Belcaire\",\"url\":\"https:\/\/www.camping-pyrenees-cathare.fr\/\",\"logo\":{\"@type\":\"ImageObject\",\"inLanguage\":\"es\",\"@id\":\"https:\/\/www.camping-pyrenees-cathare.fr\/#\/schema\/logo\/image\/\",\"url\":\"https:\/\/www.camping-pyrenees-cathare.fr\/wp-content\/uploads\/2023\/05\/logo-couleur-camping-les-chalets-du-lac.webp\",\"contentUrl\":\"https:\/\/www.camping-pyrenees-cathare.fr\/wp-content\/uploads\/2023\/05\/logo-couleur-camping-les-chalets-du-lac.webp\",\"width\":462,\"height\":252,\"caption\":\"Les chalets du lac Belcaire\"},\"image\":{\"@id\":\"https:\/\/www.camping-pyrenees-cathare.fr\/#\/schema\/logo\/image\/\"},\"sameAs\":[\"https:\/\/www.facebook.com\/campingbelcaire\/?locale=fr_FR\",\"https:\/\/www.tripadvisor.fr\/Hotel_Review-g1384321-d13748665-Reviews-Les_Chalets_du_Lac-Belcaire_Aude_Occitanie.html\",\"https:\/\/www.instagram.com\/leschaletsdulacbelcaire\/\"]},{\"@type\":\"Person\",\"@id\":\"https:\/\/www.camping-pyrenees-cathare.fr\/#\/schema\/person\/e8f5ba466c7c8b8101ca5e722b563ea5\",\"name\":\"Chalets Du Lac\",\"image\":{\"@type\":\"ImageObject\",\"inLanguage\":\"es\",\"@id\":\"https:\/\/www.camping-pyrenees-cathare.fr\/#\/schema\/person\/image\/\",\"url\":\"https:\/\/secure.gravatar.com\/avatar\/6d844aa6e68e8ab33e650fb7f89ff23e09732b1546d28a7aab36e6d3fe515022?s=96&d=mm&r=g\",\"contentUrl\":\"https:\/\/secure.gravatar.com\/avatar\/6d844aa6e68e8ab33e650fb7f89ff23e09732b1546d28a7aab36e6d3fe515022?s=96&d=mm&r=g\",\"caption\":\"Chalets Du Lac\"},\"sameAs\":[\"https:\/\/www.camping-pyrenees-cathare.fr\/\"]}]}<\/script>\n<!-- \/ Yoast SEO plugin. -->","yoast_head_json":{"title":"H\u00f4tel \u00e0 Belcaire : dormez au Camping Les Chalets du Lac","description":"D\u00e9couvrez un h\u00f4tel \u00e0 Belcaire au Camping Les Chalets du Lac : studettes tout confort, spa, piscine et nature.","robots":{"index":"index","follow":"follow","max-snippet":"max-snippet:-1","max-image-preview":"max-image-preview:large","max-video-preview":"max-video-preview:-1"},"canonical":"https:\/\/www.camping-pyrenees-cathare.fr\/blog\/hotel-belcaire-camping\/","og_locale":"es_ES","og_type":"article","og_title":"H\u00f4tel \u00e0 Belcaire : dormez au Camping Les Chalets du Lac","og_description":"D\u00e9couvrez un h\u00f4tel \u00e0 Belcaire au Camping Les Chalets du Lac : studettes tout confort, spa, piscine et nature.","og_url":"https:\/\/www.camping-pyrenees-cathare.fr\/blog\/hotel-belcaire-camping\/","og_site_name":"Les Chalets du Lac Belcaire","article_publisher":"https:\/\/www.facebook.com\/campingbelcaire\/?locale=fr_FR","article_published_time":"2026-03-11T11:13:57+00:00","article_modified_time":"2026-03-11T16:53:14+00:00","og_image":[{"width":1920,"height":1280,"url":"https:\/\/www.camping-pyrenees-cathare.fr\/wp-content\/uploads\/2025\/12\/IMG_3792.jpg","type":"image\/jpeg"}],"author":"Chalets Du Lac","twitter_card":"summary_large_image","twitter_misc":{"Escrito por":"Chalets Du Lac","Tiempo de lectura":"8 minutos"},"schema":{"@context":"https:\/\/schema.org","@graph":[{"@type":["Article","BlogPosting"],"@id":"https:\/\/www.camping-pyrenees-cathare.fr\/blog\/hotel-belcaire-camping\/#article","isPartOf":{"@id":"https:\/\/www.camping-pyrenees-cathare.fr\/blog\/hotel-belcaire-camping\/"},"author":{"name":"Chalets Du Lac","@id":"https:\/\/www.camping-pyrenees-cathare.fr\/#\/schema\/person\/e8f5ba466c7c8b8101ca5e722b563ea5"},"headline":"Un h\u00f4tel au camping \u00e0 Belcaire : une nouvelle fa\u00e7on de s\u00e9journer en pleine nature","datePublished":"2026-03-11T11:13:57+00:00","dateModified":"2026-03-11T16:53:14+00:00","mainEntityOfPage":{"@id":"https:\/\/www.camping-pyrenees-cathare.fr\/blog\/hotel-belcaire-camping\/"},"wordCount":1348,"publisher":{"@id":"https:\/\/www.camping-pyrenees-cathare.fr\/#organization"},"image":{"@id":"https:\/\/www.camping-pyrenees-cathare.fr\/blog\/hotel-belcaire-camping\/#primaryimage"},"thumbnailUrl":"https:\/\/www.camping-pyrenees-cathare.fr\/wp-content\/uploads\/2026\/03\/IMG_3792.jpg","keywords":["belcaire","camping","h\u00f4tel","piscine"],"articleSection":["blog"],"inLanguage":"es"},{"@type":"WebPage","@id":"https:\/\/www.camping-pyrenees-cathare.fr\/blog\/hotel-belcaire-camping\/","url":"https:\/\/www.camping-pyrenees-cathare.fr\/blog\/hotel-belcaire-camping\/","name":"H\u00f4tel \u00e0 Belcaire : dormez au Camping Les Chalets du Lac","isPartOf":{"@id":"https:\/\/www.camping-pyrenees-cathare.fr\/#website"},"primaryImageOfPage":{"@id":"https:\/\/www.camping-pyrenees-cathare.fr\/blog\/hotel-belcaire-camping\/#primaryimage"},"image":{"@id":"https:\/\/www.camping-pyrenees-cathare.fr\/blog\/hotel-belcaire-camping\/#primaryimage"},"thumbnailUrl":"https:\/\/www.camping-pyrenees-cathare.fr\/wp-content\/uploads\/2026\/03\/IMG_3792.jpg","datePublished":"2026-03-11T11:13:57+00:00","dateModified":"2026-03-11T16:53:14+00:00","description":"D\u00e9couvrez un h\u00f4tel \u00e0 Belcaire au Camping Les Chalets du Lac : studettes tout confort, spa, piscine et nature.","breadcrumb":{"@id":"https:\/\/www.camping-pyrenees-cathare.fr\/blog\/hotel-belcaire-camping\/#breadcrumb"},"inLanguage":"es","potentialAction":[{"@type":"ReadAction","target":["https:\/\/www.camping-pyrenees-cathare.fr\/blog\/hotel-belcaire-camping\/"]}]},{"@type":"ImageObject","inLanguage":"es","@id":"https:\/\/www.camping-pyrenees-cathare.fr\/blog\/hotel-belcaire-camping\/#primaryimage","url":"https:\/\/www.camping-pyrenees-cathare.fr\/wp-content\/uploads\/2026\/03\/IMG_3792.jpg","contentUrl":"https:\/\/www.camping-pyrenees-cathare.fr\/wp-content\/uploads\/2026\/03\/IMG_3792.jpg","width":1920,"height":1280,"caption":"IMG 3792"},{"@type":"BreadcrumbList","@id":"https:\/\/www.camping-pyrenees-cathare.fr\/blog\/hotel-belcaire-camping\/#breadcrumb","itemListElement":[{"@type":"ListItem","position":1,"name":"Camping Belcaire","item":"https:\/\/www.camping-pyrenees-cathare.fr\/es\/"},{"@type":"ListItem","position":2,"name":"Un h\u00f4tel au camping \u00e0 Belcaire : une nouvelle fa\u00e7on de s\u00e9journer en pleine nature"}]},{"@type":"WebSite","@id":"https:\/\/www.camping-pyrenees-cathare.fr\/#website","url":"https:\/\/www.camping-pyrenees-cathare.fr\/","name":"Les chalets du lac Belcaire","description":"","publisher":{"@id":"https:\/\/www.camping-pyrenees-cathare.fr\/#organization"},"potentialAction":[{"@type":"SearchAction","target":{"@type":"EntryPoint","urlTemplate":"https:\/\/www.camping-pyrenees-cathare.fr\/?s={search_term_string}"},"query-input":{"@type":"PropertyValueSpecification","valueRequired":true,"valueName":"search_term_string"}}],"inLanguage":"es"},{"@type":"Organization","@id":"https:\/\/www.camping-pyrenees-cathare.fr\/#organization","name":"Les chalets du lac Belcaire","url":"https:\/\/www.camping-pyrenees-cathare.fr\/","logo":{"@type":"ImageObject","inLanguage":"es","@id":"https:\/\/www.camping-pyrenees-cathare.fr\/#\/schema\/logo\/image\/","url":"https:\/\/www.camping-pyrenees-cathare.fr\/wp-content\/uploads\/2023\/05\/logo-couleur-camping-les-chalets-du-lac.webp","contentUrl":"https:\/\/www.camping-pyrenees-cathare.fr\/wp-content\/uploads\/2023\/05\/logo-couleur-camping-les-chalets-du-lac.webp","width":462,"height":252,"caption":"Les chalets du lac Belcaire"},"image":{"@id":"https:\/\/www.camping-pyrenees-cathare.fr\/#\/schema\/logo\/image\/"},"sameAs":["https:\/\/www.facebook.com\/campingbelcaire\/?locale=fr_FR","https:\/\/www.tripadvisor.fr\/Hotel_Review-g1384321-d13748665-Reviews-Les_Chalets_du_Lac-Belcaire_Aude_Occitanie.html","https:\/\/www.instagram.com\/leschaletsdulacbelcaire\/"]},{"@type":"Person","@id":"https:\/\/www.camping-pyrenees-cathare.fr\/#\/schema\/person\/e8f5ba466c7c8b8101ca5e722b563ea5","name":"Chalets Du Lac","image":{"@type":"ImageObject","inLanguage":"es","@id":"https:\/\/www.camping-pyrenees-cathare.fr\/#\/schema\/person\/image\/","url":"https:\/\/secure.gravatar.com\/avatar\/6d844aa6e68e8ab33e650fb7f89ff23e09732b1546d28a7aab36e6d3fe515022?s=96&d=mm&r=g","contentUrl":"https:\/\/secure.gravatar.com\/avatar\/6d844aa6e68e8ab33e650fb7f89ff23e09732b1546d28a7aab36e6d3fe515022?s=96&d=mm&r=g","caption":"Chalets Du Lac"},"sameAs":["https:\/\/www.camping-pyrenees-cathare.fr\/"]}]}},"_links":{"self":[{"href":"https:\/\/www.camping-pyrenees-cathare.fr\/es\/wp-json\/wp\/v2\/posts\/5626","targetHints":{"allow":["GET"]}}],"collection":[{"href":"https:\/\/www.camping-pyrenees-cathare.fr\/es\/wp-json\/wp\/v2\/posts"}],"about":[{"href":"https:\/\/www.camping-pyrenees-cathare.fr\/es\/wp-json\/wp\/v2\/types\/post"}],"author":[{"embeddable":true,"href":"https:\/\/www.camping-pyrenees-cathare.fr\/es\/wp-json\/wp\/v2\/users\/3"}],"replies":[{"embeddable":true,"href":"https:\/\/www.camping-pyrenees-cathare.fr\/es\/wp-json\/wp\/v2\/comments?post=5626"}],"version-history":[{"count":1,"href":"https:\/\/www.camping-pyrenees-cathare.fr\/es\/wp-json\/wp\/v2\/posts\/5626\/revisions"}],"predecessor-version":[{"id":5642,"href":"https:\/\/www.camping-pyrenees-cathare.fr\/es\/wp-json\/wp\/v2\/posts\/5626\/revisions\/5642"}],"wp:featuredmedia":[{"embeddable":true,"href":"https:\/\/www.camping-pyrenees-cathare.fr\/es\/wp-json\/wp\/v2\/media\/5627"}],"wp:attachment":[{"href":"https:\/\/www.camping-pyrenees-cathare.fr\/es\/wp-json\/wp\/v2\/media?parent=5626"}],"wp:term":[{"taxonomy":"category","embeddable":true,"href":"https:\/\/www.camping-pyrenees-cathare.fr\/es\/wp-json\/wp\/v2\/categories?post=5626"},{"taxonomy":"post_tag","embeddable":true,"href":"https:\/\/www.camping-pyrenees-cathare.fr\/es\/wp-json\/wp\/v2\/tags?post=5626"},{"taxonomy":"sujet","embeddable":true,"href":"https:\/\/www.camping-pyrenees-cathare.fr\/es\/wp-json\/wp\/v2\/sujet?post=5626"}],"curies":[{"name":"wp","href":"https:\/\/api.w.org\/{rel}","templated":true}]}}